{"id":4518,"date":"2022-04-07T14:32:06","date_gmt":"2022-04-07T14:32:06","guid":{"rendered":"https:\/\/www.inika.net\/inikak-parte-hartuko-du-fecei-k-antolatutako-x-kongresuan\/"},"modified":"2023-12-12T12:21:53","modified_gmt":"2023-12-12T12:21:53","slug":"inikak-parte-hartuko-du-fecei-k-antolatutako-x-kongresuan","status":"publish","type":"post","link":"https:\/\/inika.net\/eu\/inikak-parte-hartuko-du-fecei-k-antolatutako-x-kongresuan\/","title":{"rendered":"Santanderreko FECEIen X. kongresuan parte hartu genuen, eta 300 pertsonak parte hartu zuten."},"content":{"rendered":"<div class=\"fusion-fullwidth fullwidth-box fusion-builder-row-1 nonhundred-percent-fullwidth non-hundred-percent-height-scrolling\" style=\"--awb-border-radius-top-left:0px;--awb-border-radius-top-right:0px;--awb-border-radius-bottom-right:0px;--awb-border-radius-bottom-left:0px;--awb-flex-wrap:wrap;\" ><div class=\"fusion-builder-row fusion-row\"><div class=\"fusion-layout-column fusion_builder_column fusion-builder-column-0 fusion_builder_column_1_1 1_1 fusion-one-full fusion-column-first fusion-column-last\" style=\"--awb-bg-size:cover;--awb-margin-bottom:0px;\"><div class=\"fusion-column-wrapper fusion-flex-column-wrapper-legacy\"><div class=\"fusion-column-content-centered\"><div class=\"fusion-column-content\"><div class=\"fusion-text fusion-text-1\"><p>Inikak stand bat jarri zuen Espainiako Hizkuntza Ikastetxeen Federazioaren (FECEI) X. Biltzarrean. Gema Igual Santanderko alkateak inauguratu zuen kongresua, FECEIeko lehendakari Scott Markhamekin batera, &#8220;(Re)Asociados por los idiomas&#8221; lemapean. Besteak beste, Greziatik, Kanadatik, Britainia Handitik eta hainbat herrialdetatik etorritako erakusketariak, babesleak eta nazioarteko hizlariak izan dira.<\/p>\n<p>Gure itxaropenak gainditu zituen ekitaldia aukera handia izan zen Hizkuntza Zentroetarako gure soluzioa ezagutarazteko. Ekitaldi handia, antolaketa hobea eta txostengileekiko harreman bikaina, erakustokiak bezala. Jarraitu beharreko adibidea. Eskerrik asko FECEI, plazer bat, Scott \ud83d\ude09<\/p>\n<p><img decoding=\"async\" class=\"aligncenter size-600 wp-image-4530\" src=\"https:\/\/www.inika.net\/wp-content\/uploads\/2022\/04\/IMG20220514090115_tx.jpg\" alt=\"\" width=\"1250\" height=\"938\" srcset=\"https:\/\/inika.net\/wp-content\/uploads\/2022\/04\/IMG20220514090115_tx-200x150.jpg 200w, https:\/\/inika.net\/wp-content\/uploads\/2022\/04\/IMG20220514090115_tx-300x225.jpg 300w, https:\/\/inika.net\/wp-content\/uploads\/2022\/04\/IMG20220514090115_tx-400x300.jpg 400w, https:\/\/inika.net\/wp-content\/uploads\/2022\/04\/IMG20220514090115_tx-600x450.jpg 600w, https:\/\/inika.net\/wp-content\/uploads\/2022\/04\/IMG20220514090115_tx-768x576.jpg 768w, https:\/\/inika.net\/wp-content\/uploads\/2022\/04\/IMG20220514090115_tx-800x600.jpg 800w, https:\/\/inika.net\/wp-content\/uploads\/2022\/04\/IMG20220514090115_tx-1024x768.jpg 1024w, https:\/\/inika.net\/wp-content\/uploads\/2022\/04\/IMG20220514090115_tx-1200x900.jpg 1200w, https:\/\/inika.net\/wp-content\/uploads\/2022\/04\/IMG20220514090115_tx.jpg 1250w\" sizes=\"(max-width: 1250px) 100vw, 1250px\" \/><\/p>\n<p><img decoding=\"async\" class=\"aligncenter size-600 wp-image-4534\" src=\"https:\/\/www.inika.net\/wp-content\/uploads\/2022\/04\/IMG20220514120613_tx.jpg\" alt=\"\" width=\"1520\" height=\"1140\" srcset=\"https:\/\/inika.net\/wp-content\/uploads\/2022\/04\/IMG20220514120613_tx-200x150.jpg 200w, https:\/\/inika.net\/wp-content\/uploads\/2022\/04\/IMG20220514120613_tx-300x225.jpg 300w, https:\/\/inika.net\/wp-content\/uploads\/2022\/04\/IMG20220514120613_tx-400x300.jpg 400w, https:\/\/inika.net\/wp-content\/uploads\/2022\/04\/IMG20220514120613_tx-600x450.jpg 600w, https:\/\/inika.net\/wp-content\/uploads\/2022\/04\/IMG20220514120613_tx-768x576.jpg 768w, https:\/\/inika.net\/wp-content\/uploads\/2022\/04\/IMG20220514120613_tx-800x600.jpg 800w, https:\/\/inika.net\/wp-content\/uploads\/2022\/04\/IMG20220514120613_tx-1024x768.jpg 1024w, https:\/\/inika.net\/wp-content\/uploads\/2022\/04\/IMG20220514120613_tx-1200x900.jpg 1200w, https:\/\/inika.net\/wp-content\/uploads\/2022\/04\/IMG20220514120613_tx.jpg 1520w\" sizes=\"(max-width: 1520px) 100vw, 1520px\" \/><\/p>\n<\/div><\/div><\/div><div class=\"fusion-clearfix\"><\/div><\/div><\/div><\/div><\/div>\n","protected":false},"excerpt":{"rendered":"","protected":false},"author":2,"featured_media":4528,"comment_status":"open","ping_status":"open","sticky":false,"template":"","format":"standard","meta":{"footnotes":""},"categories":[59,58],"tags":[],"class_list":["post-4518","post","type-post","status-publish","format-standard","has-post-thumbnail","hentry","category-destacados_aca-eu","category-noticias_aca-eu"],"yoast_head":"<!-- This site is optimized with the Yoast SEO plugin v26.5 - https:\/\/yoast.com\/wordpress\/plugins\/seo\/ -->\n<title>Santanderreko FECEIen X. kongresuan parte hartu genuen, eta 300 pertsonak parte hartu zuten. - Inika - Software de gesti\u00f3n acad\u00e9mica<\/title>\n<meta name=\"robots\" content=\"index, follow, max-snippet:-1, max-image-preview:large, max-video-preview:-1\" \/>\n<link rel=\"canonical\" href=\"https:\/\/inika.net\/eu\/inikak-parte-hartuko-du-fecei-k-antolatutako-x-kongresuan\/\" \/>\n<meta property=\"og:locale\" content=\"eu_ES\" \/>\n<meta property=\"og:type\" content=\"article\" \/>\n<meta property=\"og:title\" content=\"Santanderreko FECEIen X. kongresuan parte hartu genuen, eta 300 pertsonak parte hartu zuten. - Inika - Software de gesti\u00f3n acad\u00e9mica\" \/>\n<meta property=\"og:url\" content=\"https:\/\/inika.net\/eu\/inikak-parte-hartuko-du-fecei-k-antolatutako-x-kongresuan\/\" \/>\n<meta property=\"og:site_name\" content=\"Inika - Software de gesti\u00f3n acad\u00e9mica\" \/>\n<meta property=\"article:published_time\" content=\"2022-04-07T14:32:06+00:00\" \/>\n<meta property=\"article:modified_time\" content=\"2023-12-12T12:21:53+00:00\" \/>\n<meta property=\"og:image\" content=\"https:\/\/inika.net\/wp-content\/uploads\/2022\/04\/IMG20220514102327_tx.jpg\" \/>\n\t<meta property=\"og:image:width\" content=\"1500\" \/>\n\t<meta property=\"og:image:height\" content=\"1125\" \/>\n\t<meta property=\"og:image:type\" content=\"image\/jpeg\" \/>\n<meta name=\"author\" content=\"Inika\" \/>\n<meta name=\"twitter:card\" content=\"summary_large_image\" \/>\n<meta name=\"twitter:label1\" content=\"Written by\" \/>\n\t<meta name=\"twitter:data1\" content=\"Inika\" \/>\n\t<meta name=\"twitter:label2\" content=\"Est. reading time\" \/>\n\t<meta name=\"twitter:data2\" content=\"1 minute\" \/>\n<script type=\"application\/ld+json\" class=\"yoast-schema-graph\">{\"@context\":\"https:\/\/schema.org\",\"@graph\":[{\"@type\":\"WebPage\",\"@id\":\"https:\/\/inika.net\/eu\/inikak-parte-hartuko-du-fecei-k-antolatutako-x-kongresuan\/\",\"url\":\"https:\/\/inika.net\/eu\/inikak-parte-hartuko-du-fecei-k-antolatutako-x-kongresuan\/\",\"name\":\"Santanderreko FECEIen X. kongresuan parte hartu genuen, eta 300 pertsonak parte hartu zuten. - Inika - Software de gesti\u00f3n acad\u00e9mica\",\"isPartOf\":{\"@id\":\"https:\/\/inika.net\/#website\"},\"primaryImageOfPage\":{\"@id\":\"https:\/\/inika.net\/eu\/inikak-parte-hartuko-du-fecei-k-antolatutako-x-kongresuan\/#primaryimage\"},\"image\":{\"@id\":\"https:\/\/inika.net\/eu\/inikak-parte-hartuko-du-fecei-k-antolatutako-x-kongresuan\/#primaryimage\"},\"thumbnailUrl\":\"https:\/\/inika.net\/wp-content\/uploads\/2022\/04\/IMG20220514102327_tx.jpg\",\"datePublished\":\"2022-04-07T14:32:06+00:00\",\"dateModified\":\"2023-12-12T12:21:53+00:00\",\"author\":{\"@id\":\"https:\/\/inika.net\/#\/schema\/person\/363a6d1f372a856535c9f784ffb08f9e\"},\"inLanguage\":\"eu-ES\",\"potentialAction\":[{\"@type\":\"ReadAction\",\"target\":[\"https:\/\/inika.net\/eu\/inikak-parte-hartuko-du-fecei-k-antolatutako-x-kongresuan\/\"]}]},{\"@type\":\"ImageObject\",\"inLanguage\":\"eu-ES\",\"@id\":\"https:\/\/inika.net\/eu\/inikak-parte-hartuko-du-fecei-k-antolatutako-x-kongresuan\/#primaryimage\",\"url\":\"https:\/\/inika.net\/wp-content\/uploads\/2022\/04\/IMG20220514102327_tx.jpg\",\"contentUrl\":\"https:\/\/inika.net\/wp-content\/uploads\/2022\/04\/IMG20220514102327_tx.jpg\",\"width\":1500,\"height\":1125},{\"@type\":\"WebSite\",\"@id\":\"https:\/\/inika.net\/#website\",\"url\":\"https:\/\/inika.net\/\",\"name\":\"Inika - Software de gesti\u00f3n acad\u00e9mica\",\"description\":\"Inika es el software de gesti\u00f3n acad\u00e9mica, una soluci\u00f3n integral para centros de ense\u00f1anza.\",\"potentialAction\":[{\"@type\":\"SearchAction\",\"target\":{\"@type\":\"EntryPoint\",\"urlTemplate\":\"https:\/\/inika.net\/?s={search_term_string}\"},\"query-input\":{\"@type\":\"PropertyValueSpecification\",\"valueRequired\":true,\"valueName\":\"search_term_string\"}}],\"inLanguage\":\"eu-ES\"},{\"@type\":\"Person\",\"@id\":\"https:\/\/inika.net\/#\/schema\/person\/363a6d1f372a856535c9f784ffb08f9e\",\"name\":\"Inika\",\"image\":{\"@type\":\"ImageObject\",\"inLanguage\":\"eu-ES\",\"@id\":\"https:\/\/inika.net\/#\/schema\/person\/image\/\",\"url\":\"https:\/\/secure.gravatar.com\/avatar\/14219745a5bf311e8cf628ccfc1a92e6e7fb9b3b8bbb02ef3564cf27b2fe50eb?s=96&d=mm&r=g\",\"contentUrl\":\"https:\/\/secure.gravatar.com\/avatar\/14219745a5bf311e8cf628ccfc1a92e6e7fb9b3b8bbb02ef3564cf27b2fe50eb?s=96&d=mm&r=g\",\"caption\":\"Inika\"},\"url\":\"https:\/\/inika.net\/eu\/author\/inika\/\"}]}<\/script>\n<!-- \/ Yoast SEO plugin. -->","yoast_head_json":{"title":"Santanderreko FECEIen X. kongresuan parte hartu genuen, eta 300 pertsonak parte hartu zuten. - Inika - Software de gesti\u00f3n acad\u00e9mica","robots":{"index":"index","follow":"follow","max-snippet":"max-snippet:-1","max-image-preview":"max-image-preview:large","max-video-preview":"max-video-preview:-1"},"canonical":"https:\/\/inika.net\/eu\/inikak-parte-hartuko-du-fecei-k-antolatutako-x-kongresuan\/","og_locale":"eu_ES","og_type":"article","og_title":"Santanderreko FECEIen X. kongresuan parte hartu genuen, eta 300 pertsonak parte hartu zuten. - Inika - Software de gesti\u00f3n acad\u00e9mica","og_url":"https:\/\/inika.net\/eu\/inikak-parte-hartuko-du-fecei-k-antolatutako-x-kongresuan\/","og_site_name":"Inika - Software de gesti\u00f3n acad\u00e9mica","article_published_time":"2022-04-07T14:32:06+00:00","article_modified_time":"2023-12-12T12:21:53+00:00","og_image":[{"width":1500,"height":1125,"url":"https:\/\/inika.net\/wp-content\/uploads\/2022\/04\/IMG20220514102327_tx.jpg","type":"image\/jpeg"}],"author":"Inika","twitter_card":"summary_large_image","twitter_misc":{"Written by":"Inika","Est. reading time":"1 minute"},"schema":{"@context":"https:\/\/schema.org","@graph":[{"@type":"WebPage","@id":"https:\/\/inika.net\/eu\/inikak-parte-hartuko-du-fecei-k-antolatutako-x-kongresuan\/","url":"https:\/\/inika.net\/eu\/inikak-parte-hartuko-du-fecei-k-antolatutako-x-kongresuan\/","name":"Santanderreko FECEIen X. kongresuan parte hartu genuen, eta 300 pertsonak parte hartu zuten. - Inika - Software de gesti\u00f3n acad\u00e9mica","isPartOf":{"@id":"https:\/\/inika.net\/#website"},"primaryImageOfPage":{"@id":"https:\/\/inika.net\/eu\/inikak-parte-hartuko-du-fecei-k-antolatutako-x-kongresuan\/#primaryimage"},"image":{"@id":"https:\/\/inika.net\/eu\/inikak-parte-hartuko-du-fecei-k-antolatutako-x-kongresuan\/#primaryimage"},"thumbnailUrl":"https:\/\/inika.net\/wp-content\/uploads\/2022\/04\/IMG20220514102327_tx.jpg","datePublished":"2022-04-07T14:32:06+00:00","dateModified":"2023-12-12T12:21:53+00:00","author":{"@id":"https:\/\/inika.net\/#\/schema\/person\/363a6d1f372a856535c9f784ffb08f9e"},"inLanguage":"eu-ES","potentialAction":[{"@type":"ReadAction","target":["https:\/\/inika.net\/eu\/inikak-parte-hartuko-du-fecei-k-antolatutako-x-kongresuan\/"]}]},{"@type":"ImageObject","inLanguage":"eu-ES","@id":"https:\/\/inika.net\/eu\/inikak-parte-hartuko-du-fecei-k-antolatutako-x-kongresuan\/#primaryimage","url":"https:\/\/inika.net\/wp-content\/uploads\/2022\/04\/IMG20220514102327_tx.jpg","contentUrl":"https:\/\/inika.net\/wp-content\/uploads\/2022\/04\/IMG20220514102327_tx.jpg","width":1500,"height":1125},{"@type":"WebSite","@id":"https:\/\/inika.net\/#website","url":"https:\/\/inika.net\/","name":"Inika - Software de gesti\u00f3n acad\u00e9mica","description":"Inika es el software de gesti\u00f3n acad\u00e9mica, una soluci\u00f3n integral para centros de ense\u00f1anza.","potentialAction":[{"@type":"SearchAction","target":{"@type":"EntryPoint","urlTemplate":"https:\/\/inika.net\/?s={search_term_string}"},"query-input":{"@type":"PropertyValueSpecification","valueRequired":true,"valueName":"search_term_string"}}],"inLanguage":"eu-ES"},{"@type":"Person","@id":"https:\/\/inika.net\/#\/schema\/person\/363a6d1f372a856535c9f784ffb08f9e","name":"Inika","image":{"@type":"ImageObject","inLanguage":"eu-ES","@id":"https:\/\/inika.net\/#\/schema\/person\/image\/","url":"https:\/\/secure.gravatar.com\/avatar\/14219745a5bf311e8cf628ccfc1a92e6e7fb9b3b8bbb02ef3564cf27b2fe50eb?s=96&d=mm&r=g","contentUrl":"https:\/\/secure.gravatar.com\/avatar\/14219745a5bf311e8cf628ccfc1a92e6e7fb9b3b8bbb02ef3564cf27b2fe50eb?s=96&d=mm&r=g","caption":"Inika"},"url":"https:\/\/inika.net\/eu\/author\/inika\/"}]}},"_links":{"self":[{"href":"https:\/\/inika.net\/eu\/wp-json\/wp\/v2\/posts\/4518","targetHints":{"allow":["GET"]}}],"collection":[{"href":"https:\/\/inika.net\/eu\/wp-json\/wp\/v2\/posts"}],"about":[{"href":"https:\/\/inika.net\/eu\/wp-json\/wp\/v2\/types\/post"}],"author":[{"embeddable":true,"href":"https:\/\/inika.net\/eu\/wp-json\/wp\/v2\/users\/2"}],"replies":[{"embeddable":true,"href":"https:\/\/inika.net\/eu\/wp-json\/wp\/v2\/comments?post=4518"}],"version-history":[{"count":8,"href":"https:\/\/inika.net\/eu\/wp-json\/wp\/v2\/posts\/4518\/revisions"}],"predecessor-version":[{"id":6217,"href":"https:\/\/inika.net\/eu\/wp-json\/wp\/v2\/posts\/4518\/revisions\/6217"}],"wp:featuredmedia":[{"embeddable":true,"href":"https:\/\/inika.net\/eu\/wp-json\/wp\/v2\/media\/4528"}],"wp:attachment":[{"href":"https:\/\/inika.net\/eu\/wp-json\/wp\/v2\/media?parent=4518"}],"wp:term":[{"taxonomy":"category","embeddable":true,"href":"https:\/\/inika.net\/eu\/wp-json\/wp\/v2\/categories?post=4518"},{"taxonomy":"post_tag","embeddable":true,"href":"https:\/\/inika.net\/eu\/wp-json\/wp\/v2\/tags?post=4518"}],"curies":[{"name":"wp","href":"https:\/\/api.w.org\/{rel}","templated":true}]}}